{"id":118,"date":"2017-03-31T13:51:55","date_gmt":"2017-03-31T11:51:55","guid":{"rendered":"https:\/\/tsipisek.eu\/?p=118"},"modified":"2017-09-15T12:20:59","modified_gmt":"2017-09-15T10:20:59","slug":"projekt-e-road-nabil-baterie-a-muzeme-vyrazit","status":"publish","type":"post","link":"https:\/\/tsipisek.eu\/index.php\/2017\/03\/31\/projekt-e-road-nabil-baterie-a-muzeme-vyrazit\/","title":{"rendered":"<div style=\"text-align: justify\">Projekt e-Road nabil baterie a m\u016f\u017eeme vyrazit!<\/div>"},"content":{"rendered":"<div class='avia-image-container  av-styling-    avia-align-center '  itemscope=\"itemscope\" itemtype=\"https:\/\/schema.org\/ImageObject\"  ><div class='avia-image-container-inner'><img class='avia_image ' src='https:\/\/tsipisek.eu\/wp-content\/uploads\/2017\/03\/eroad-1030x773.jpg' alt='' title='eroad'   itemprop=\"thumbnailUrl\"  \/><\/div><\/div>\n<div class=\"flex_column av_one_full  flex_column_div av-zero-column-padding first  \" style='border-radius:0px; '><section class=\"av_textblock_section \"  itemscope=\"itemscope\" itemtype=\"https:\/\/schema.org\/BlogPosting\" itemprop=\"blogPost\" ><div class='avia_textblock  '   itemprop=\"text\" ><h1>Projekt e-Road nabil baterie a m\u016f\u017eeme vyrazit!<\/h1>\n<p>Jak ji\u017e jsme informovali, tak projekt <strong>e-Road P\u00edsek \u2013 Deggendorf<\/strong> (projekt \u010d\u00edslo 93) byl zah\u00e1jen 1. b\u0159ezna 2017.<\/p>\n<p>Tak jako ka\u017ed\u00fd elektrick\u00fd automobil mus\u00ed nab\u00edt baterie p\u0159ed prvn\u00ed j\u00edzdou, tak i my jsme nabili\u00a0pomysln\u00e9 projektov\u00e9 baterie.<\/p>\n<p>U\u017e\u0161\u00ed projektov\u00e9 t\u00fdmy v\u0161ech t\u0159\u00ed partner\u016f se se\u0161li na <strong>Kick-off meetingu<\/strong>, kde se podrobn\u011bji pl\u00e1novaly v\u0161echny projektov\u00e9 aktivity a \u0159e\u0161ily n\u00e1sledn\u00e9 kroky k\u00a0tomu, aby projekt dovedly do zd\u00e1rn\u00e9ho konce.<\/p>\n<p>Ji\u017e nyn\u00ed m\u016f\u017eeme prozradit, \u017ee krom\u011b samotn\u00e9 \u201eelektromobiln\u00ed\u201c trasy P\u00edsek \u2013 Deggendorf je tak\u00e9 pl\u00e1nov\u00e1no <strong>mnoho zaj\u00edmav\u00fdch akc\u00ed nesouc\u00ed tematiku e-mobility,<\/strong> a to jak na \u010desk\u00e9, tak i na bavorsk\u00e9 stran\u011b. O v\u0161ech aktivit\u00e1ch z\u00edsk\u00e1te v\u00edce informac\u00ed na webu a facebookov\u00fdch str\u00e1nk\u00e1ch projektu, na nich\u017e usilovn\u011b pracujeme a budeme V\u00e1s informovat o jejich spu\u0161t\u011bn\u00ed.<\/p>\n<p><strong>M\u00e1te-li z\u00e1jem o v\u00edce informac\u00ed k projektu, nev\u00e1hejte se na n\u00e1s obr\u00e1tit.<\/strong><\/p>\n<\/div><\/section><\/div><div class=\"flex_column av_one_half  flex_column_div av-zero-column-padding first  \" style='border-radius:0px; '><div class='avia-image-container  av-styling-    avia-align-center '  itemscope=\"itemscope\" itemtype=\"https:\/\/schema.org\/ImageObject\"  ><div class='avia-image-container-inner'><img class='avia_image ' src='https:\/\/tsipisek.eu\/wp-content\/uploads\/2017\/03\/eu-300x86.jpg' alt='' title='eu'   itemprop=\"thumbnailUrl\"  \/><\/div><\/div><\/div><\/p>\n<div class=\"flex_column av_one_half  flex_column_div av-zero-column-padding   \" style='border-radius:0px; '><div class='avia-image-container  av-styling-    avia-align-center '  itemscope=\"itemscope\" itemtype=\"https:\/\/schema.org\/ImageObject\"  ><div class='avia-image-container-inner'><img class='avia_image ' src='https:\/\/tsipisek.eu\/wp-content\/uploads\/2017\/03\/cz-300x73.jpg' alt='' title='cz'   itemprop=\"thumbnailUrl\"  \/><\/div><\/div><\/div>\n","protected":false},"excerpt":{"rendered":"","protected":false},"author":9,"featured_media":123,"comment_status":"closed","ping_status":"open","sticky":false,"template":"","format":"standard","meta":{"footnotes":""},"categories":[1],"tags":[],"class_list":["post-118","post","type-post","status-publish","format-standard","has-post-thumbnail","hentry","category-nezarazene"],"_links":{"self":[{"href":"https:\/\/tsipisek.eu\/index.php\/wp-json\/wp\/v2\/posts\/118","targetHints":{"allow":["GET"]}}],"collection":[{"href":"https:\/\/tsipisek.eu\/index.php\/wp-json\/wp\/v2\/posts"}],"about":[{"href":"https:\/\/tsipisek.eu\/index.php\/wp-json\/wp\/v2\/types\/post"}],"author":[{"embeddable":true,"href":"https:\/\/tsipisek.eu\/index.php\/wp-json\/wp\/v2\/users\/9"}],"replies":[{"embeddable":true,"href":"https:\/\/tsipisek.eu\/index.php\/wp-json\/wp\/v2\/comments?post=118"}],"version-history":[{"count":10,"href":"https:\/\/tsipisek.eu\/index.php\/wp-json\/wp\/v2\/posts\/118\/revisions"}],"predecessor-version":[{"id":233,"href":"https:\/\/tsipisek.eu\/index.php\/wp-json\/wp\/v2\/posts\/118\/revisions\/233"}],"wp:featuredmedia":[{"embeddable":true,"href":"https:\/\/tsipisek.eu\/index.php\/wp-json\/wp\/v2\/media\/123"}],"wp:attachment":[{"href":"https:\/\/tsipisek.eu\/index.php\/wp-json\/wp\/v2\/media?parent=118"}],"wp:term":[{"taxonomy":"category","embeddable":true,"href":"https:\/\/tsipisek.eu\/index.php\/wp-json\/wp\/v2\/categories?post=118"},{"taxonomy":"post_tag","embeddable":true,"href":"https:\/\/tsipisek.eu\/index.php\/wp-json\/wp\/v2\/tags?post=118"}],"curies":[{"name":"wp","href":"https:\/\/api.w.org\/{rel}","templated":true}]}}