{"id":178,"date":"2017-05-23T08:05:11","date_gmt":"2017-05-23T06:05:11","guid":{"rendered":"https:\/\/tsipisek.eu\/?p=178"},"modified":"2017-09-15T12:17:51","modified_gmt":"2017-09-15T10:17:51","slug":"webove-stranky-projektu-spatrily-svetlo-sveta","status":"publish","type":"post","link":"https:\/\/tsipisek.eu\/index.php\/2017\/05\/23\/webove-stranky-projektu-spatrily-svetlo-sveta\/","title":{"rendered":"Webov\u00e9 str\u00e1nky projektu e-Road spat\u0159ily sv\u011btlo sv\u011bta"},"content":{"rendered":"<p>Tak jako je jaro symbolem znovuzrozen\u00ed a probouzen\u00ed se p\u0159\u00edrody, tak i m\u011bs\u00edc kv\u011bten byl symbolem zrozen\u00ed <a href=\"http:\/\/go-eroad.eu\/language\/cs\/home\/\">webov\u00fdch str\u00e1nek<\/a> na\u0161eho projektu e-Road P\u00edsek-Deggendorf (projekt \u010d\u00edslo 93).<\/p>\n<p>Kone\u010dn\u00e9mu vzhledu a konceptu webov\u00fdch str\u00e1nek p\u0159edch\u00e1zela dalekos\u00e1hl\u00e1 komunikace mezi n\u00e1mi, t\u00fdmem e-Road spole\u010dnosti <a href=\"https:\/\/tsipisek.eu\/index.php\/2017\/05\/02\/forum-o-elektromobilite-v-bavorskem-teisnachu\/\">TSI P\u00edsek z.s<\/a>., a bavorsk\u00fdmi partnery, spole\u010dnost\u00ed <a href=\"http:\/\/e-wald.eu\/\">E-WALD GmbH<\/a> a\u00a0 <a href=\"http:\/\/e-wald.eu\/\">Technickou univerzitou v\u00a0Deggendorfu<\/a>. A\u010dkoli n\u011bkter\u00e9 na\u0161e vize t\u00fdkaj\u00edc\u00ed se webov\u00fdch str\u00e1nek byly odli\u0161n\u00e9, \u00fasil\u00ed doj\u00edt spole\u010dn\u00e9 dohody bylo velik\u00e9. Nyn\u00ed jsme dos\u00e1hli sv\u00e9ho d\u00edl\u010d\u00edho Mount Everestu a jsme na n\u011bj n\u00e1le\u017eit\u011b py\u0161ni.<\/p>\n<p>Webov\u00e9 str\u00e1nky jsou v\u0161ak na\u0161\u00edm Everestem pouze d\u00edl\u010d\u00edm, nebo\u0165 ten nejvy\u0161\u0161\u00ed Mt. Everest stoj\u00ed st\u00e1le p\u0159ed n\u00e1mi. \u010cekaj\u00ed na n\u00e1s \u00fakoly t\u00fdkaj\u00edc\u00ed se um\u00edst\u011bn\u00ed dob\u00edjec\u00ed stanic na trase P\u00edsek-Deggendorf, vytvo\u0159en\u00ed komunika\u010dn\u00edho software, zorganizov\u00e1n\u00ed n\u011bkolika \u00fa\u010deln\u00fdch akc\u00ed pro ve\u0159ejnost, obce, m\u011bsta, kraje, subjekty zainteresovan\u00e9 v\u00a0oblasti elektromobility, navazov\u00e1n\u00ed partnerstv\u00ed, spole\u010dn\u00e1 propagace e-mobility a vytvo\u0159en\u00ed koncep\u010dn\u00edho dokumentu pro obce a m\u011bsta. Tyto \u00fakoly jsou jist\u011b hodny sv\u00e9ho p\u0159\u00edzviska Everest. Ba co v\u00edc, jsou v\u00fdsostn\u00e9. Takov\u00e1 p\u0159ece ochrana na\u0161\u00ed planety je.<\/p>\n<p>Na webov\u00fdch str\u00e1nk\u00e1ch <a href=\"http:\/\/www.go-eRoad.eu\">www.go-eRoad.eu<\/a> m\u016f\u017eete sledovat ve\u0161ker\u00e9 d\u011bn\u00ed v\u00a0projektu v\u00a0sekci Blog. O\u00a0zaj\u00edmav\u00fdch novink\u00e1ch m\u016f\u017eete b\u00fdt informov\u00e1ni prost\u0159ednictv\u00edm newsletteru. P\u0159ehled nejd\u016fle\u017eit\u011bj\u0161\u00edch po\u010din\u016f v\u00a0oblasti elektromobility zejm\u00e9na v\u00a0\u010cR najdete v\u00a0Kalend\u00e1\u0159i. Sledujte n\u00e1s tedy zde, ale t\u0159eba i na na\u0161ich <a href=\"https:\/\/www.facebook.com\/goeroad\/\">facebookov\u00fdch<\/a> str\u00e1nk\u00e1ch. Slibujeme, \u017ee V\u00e1s nebudeme nudit.<\/p>\n<p>Pro v\u00edce informac\u00ed o projektu \u010di mo\u017enosti zapojen\u00ed se n\u00e1s nev\u00e1hejte kontaktovat!<\/p>\n<p>V\u00e1\u0161 t\u00fdm e-Road<\/p>\n<p>&nbsp;<\/p>\n<p><img loading=\"lazy\" decoding=\"async\" class=\"size-medium wp-image-122 aligncenter\" src=\"https:\/\/tsipisek.eu\/wp-content\/uploads\/2017\/03\/cz-300x73.jpg\" alt=\"\" width=\"300\" height=\"73\" srcset=\"https:\/\/tsipisek.eu\/wp-content\/uploads\/2017\/03\/cz-300x73.jpg 300w, https:\/\/tsipisek.eu\/wp-content\/uploads\/2017\/03\/cz-450x110.jpg 450w, https:\/\/tsipisek.eu\/wp-content\/uploads\/2017\/03\/cz.jpg 667w\" sizes=\"auto, (max-width: 300px) 100vw, 300px\" \/><\/p>\n<p><img loading=\"lazy\" decoding=\"async\" class=\"size-medium wp-image-124 aligncenter\" src=\"https:\/\/tsipisek.eu\/wp-content\/uploads\/2017\/03\/eu-300x86.jpg\" alt=\"\" width=\"300\" height=\"86\" srcset=\"https:\/\/tsipisek.eu\/wp-content\/uploads\/2017\/03\/eu-300x86.jpg 300w, https:\/\/tsipisek.eu\/wp-content\/uploads\/2017\/03\/eu-450x130.jpg 450w, https:\/\/tsipisek.eu\/wp-content\/uploads\/2017\/03\/eu.jpg 607w\" sizes=\"auto, (max-width: 300px) 100vw, 300px\" \/><\/p>\n","protected":false},"excerpt":{"rendered":"<p>Tak jako je jaro symbolem znovuzrozen\u00ed a probouzen\u00ed se p\u0159\u00edrody, tak i m\u011bs\u00edc kv\u011bten byl symbolem zrozen\u00ed webov\u00fdch str\u00e1nek na\u0161eho projektu e-Road P\u00edsek-Deggendorf (projekt \u010d\u00edslo 93). Kone\u010dn\u00e9mu vzhledu a konceptu webov\u00fdch str\u00e1nek p\u0159edch\u00e1zela dalekos\u00e1hl\u00e1 komunikace mezi n\u00e1mi, t\u00fdmem e-Road spole\u010dnosti TSI P\u00edsek z.s., a bavorsk\u00fdmi partnery, spole\u010dnost\u00ed E-WALD GmbH a\u00a0 Technickou univerzitou v\u00a0Deggendorfu. A\u010dkoli n\u011bkter\u00e9 [&hellip;]<\/p>\n","protected":false},"author":9,"featured_media":183,"comment_status":"closed","ping_status":"open","sticky":false,"template":"","format":"standard","meta":{"footnotes":""},"categories":[1],"tags":[],"class_list":["post-178","post","type-post","status-publish","format-standard","has-post-thumbnail","hentry","category-nezarazene"],"_links":{"self":[{"href":"https:\/\/tsipisek.eu\/index.php\/wp-json\/wp\/v2\/posts\/178","targetHints":{"allow":["GET"]}}],"collection":[{"href":"https:\/\/tsipisek.eu\/index.php\/wp-json\/wp\/v2\/posts"}],"about":[{"href":"https:\/\/tsipisek.eu\/index.php\/wp-json\/wp\/v2\/types\/post"}],"author":[{"embeddable":true,"href":"https:\/\/tsipisek.eu\/index.php\/wp-json\/wp\/v2\/users\/9"}],"replies":[{"embeddable":true,"href":"https:\/\/tsipisek.eu\/index.php\/wp-json\/wp\/v2\/comments?post=178"}],"version-history":[{"count":5,"href":"https:\/\/tsipisek.eu\/index.php\/wp-json\/wp\/v2\/posts\/178\/revisions"}],"predecessor-version":[{"id":226,"href":"https:\/\/tsipisek.eu\/index.php\/wp-json\/wp\/v2\/posts\/178\/revisions\/226"}],"wp:featuredmedia":[{"embeddable":true,"href":"https:\/\/tsipisek.eu\/index.php\/wp-json\/wp\/v2\/media\/183"}],"wp:attachment":[{"href":"https:\/\/tsipisek.eu\/index.php\/wp-json\/wp\/v2\/media?parent=178"}],"wp:term":[{"taxonomy":"category","embeddable":true,"href":"https:\/\/tsipisek.eu\/index.php\/wp-json\/wp\/v2\/categories?post=178"},{"taxonomy":"post_tag","embeddable":true,"href":"https:\/\/tsipisek.eu\/index.php\/wp-json\/wp\/v2\/tags?post=178"}],"curies":[{"name":"wp","href":"https:\/\/api.w.org\/{rel}","templated":true}]}}